{"id":5473,"date":"2021-02-25T00:04:01","date_gmt":"2021-02-25T00:04:01","guid":{"rendered":"https:\/\/paulatooths.com\/index\/?p=5473"},"modified":"2021-02-14T22:12:11","modified_gmt":"2021-02-14T22:12:11","slug":"grupo-de-comunicacao-inicia-temporada-de-lives-com-a-tematica-ifbrm","status":"publish","type":"post","link":"https:\/\/paulatooths.com\/index\/2021\/02\/25\/grupo-de-comunicacao-inicia-temporada-de-lives-com-a-tematica-ifbrm\/","title":{"rendered":"Grupo de Comunica\u00e7\u00e3o inicia temporada de lives com a tem\u00e1tica IFBrM"},"content":{"rendered":"<p>Na noite do \u00faltimo dia 8, o Grupo A Hora, atrav\u00e9s do Portal do <a>Jornal Na Pauta Online<\/a>, abriu a primeira de uma s\u00e9rie de <em>lives<\/em> que ser\u00e3o promovidas no ano de 2021.<\/p>\n<p>A tem\u00e1tica foi a abordagem atrav\u00e9s do IFBrM \u2013 \u00cdndice de Funcionalidade Brasileira Modificado usado como instrumento adequado de avalia\u00e7\u00e3o da defici\u00eancia.<\/p>\n<p>O jornalista <a href=\"https:\/\/napautaonline.com.br\/author\/fm1\/\">Fabricio Magalh\u00e3es<\/a> do Grupo A Hora, foi o mediador desta mesa virtual de discuss\u00f5es que teve como debatedores e expositores, convidados especialistas na tem\u00e1tica.<\/p>\n<p>\u201cCome\u00e7amos com o p\u00e9 direito. Foi a primeira live do ano e com uma riqueza de informa\u00e7\u00f5es referentes \u00e0 tem\u00e1tica abordada, os convidados como em todas as lives que realizamos, foram escolhidos a dedo, s\u00e3o especialistas no assunto, mas acima de tudo, s\u00e3o pessoas que doam seu tempo, sua energia e seu conhecimento em prol das pessoas com defici\u00eancia\u201d, contou\u00a0<a href=\"https:\/\/napautaonline.com.br\/author\/fm1\/\">Fabricio Magalh\u00e3es<\/a>.<\/p>\n<p>Uma das debatedoras, Daiane Mantoanelli, disse que o conceito de defici\u00eancia \u00e9 um conceito em evolu\u00e7\u00e3o, e que \u00e9 preciso ultrapassar barreiras como o capacitismo. Daiane \u00a0\u00e9 especialista em Gest\u00e3o Social e Educa\u00e7\u00e3o Inclusiva, assistente social da prefeitura de Blumenau-SC, integrante do Coletivo Feminista Mulheres com Defici\u00eancia Helen Keller, integrante do Movimento Brasileira de Mulheres Cegas e com Baixa Vis\u00e3o \u2013 MBMC, representante do Coletivo Nacional de Trabalhadores e Trabalhadoras com Defici\u00eancia \u2013 CUT e conselheira do CONADE \u2013 Conselho Nacional dos Direitos das Pessoas com Defici\u00eancia.<\/p>\n<p>A advogada Ana Cl\u00e1udia Mendes de Figueiredo, afirmou que o modelo social deixa de ser uma trag\u00e9dia social, deixa de ser um problema do indiv\u00edduo para qual a \u00fanica resposta \u00e9 a cura, o tratamento, a terapia, e que a \u00fanica resposta \u00e9 a mudan\u00e7a das estruturas sociais. Ana Cl\u00e1udia \u00e9 advogada, Conselheira no CONADE \u2013 Conselho Nacional dos Direitos das Pessoas com Defici\u00eancia, coordenadora do Grupo Nacional de Autodefensoria da Federa\u00e7\u00e3o Brasileira das Associa\u00e7\u00f5es de S\u00edndrome de Down \u2013 FBASD, \u00e9 idealizadora da Rede Brasileira de Inclus\u00e3o da Pessoa com Defici\u00eancia e \u00e9 membro da Comiss\u00e3o da Pessoa com Defici\u00eancia da OAB-DF.<\/p>\n<p>J\u00e1 Joelson Dias, advogado, ex-ministro do TSE e presidente\u00a0 da Comiss\u00e3o Nacional dos Direitos da Pessoa com Defici\u00eancia do Conselho Federal da OAB, fez sua explana\u00e7\u00e3o com base na Conven\u00e7\u00e3o Internacional das Pessoas com Defici\u00eancia e afirmou que o Brasil, desde 2008, \u00e9 signat\u00e1rio da Conven\u00e7\u00e3o da ONU sobre os Direitos das Pessoas com Defici\u00eancia, onde o pa\u00eds assumiu perante a comunidade internacional de pa\u00edses, criar as condi\u00e7\u00f5es concretas e reais para que as pessoas com defici\u00eancia possam exercer seus direitos em igualdade de condi\u00e7\u00f5es com as outras pessoas.<\/p>\n<p>A m\u00e9dica Lailah Vilela, fez uma abordagem mais t\u00e9cnica, por\u00e9m com uma linguagem onde todos que estavam assistindo a <em>live<\/em> podiam entender perfeitamente. A doutora Lailah tamb\u00e9m explicou que o \u00cdndice de Funcionalidade Brasileira Modificado usado como instrumento adequado de avalia\u00e7\u00e3o da defici\u00eancia, n\u00e3o \u00e9 um instrumento de avalia\u00e7\u00e3o onde a pessoa que esteja sendo avaliada n\u00e3o diz sim ou n\u00e3o, mas \u00e9 o avaliador quem responde, e que o IFBrM tem sete n\u00edveis que geram escalas de pontua\u00e7\u00f5es compreendidas entre 25 e 100 pontos, caracterizando o grau de defici\u00eancia em leve, moderada, grave ou sem defici\u00eancia. Lailah Vilela \u00e9 m\u00e9dica com resid\u00eancia em Medicina Preventiva e Social\/ Sa\u00fade e Trabalho, \u00e9 mestra em Sa\u00fade Coletiva\/ Sa\u00fade e Trabalho, \u00e9 Auditora Fiscal do Trabalho no Minist\u00e9rio da Economia e \u00e9 integrante do Grupo Interministerial para a cria\u00e7\u00e3o do Sistema de Avalia\u00e7\u00e3o e Valora\u00e7\u00e3o das Defici\u00eancias.<\/p>\n<p><a href=\"https:\/\/en.wikipedia.org\/wiki\/Paula_Tooths\">Paula Tooths<\/a>, jornalista do Grupo A Hora, residente nos Estados Unidos, tamb\u00e9m \u00e9 uma dos produtoras e organizadoras e explica que \u00e9 um assunto que precisa chegar n\u00e3o s\u00f3 \u00e0s autoridades pol\u00edticas brasileiras, mas aos lares, \u00e0s pessoas comuns, \u00e0queles que n\u00e3o t\u00eam acesso a informa\u00e7\u00e3o, e que este tipo de programa\u00e7\u00e3o colabora com isso.<\/p>\n<p>\u201cA <em>live<\/em> \u00e9 democr\u00e1tica e est\u00e1 acess\u00edvel a qualquer pessoa que queira assistir ou participar, independente de condi\u00e7\u00e3o financeira, o \u00cdndice de Funcionalidade Brasileira Modificado usado como instrumento adequado de avalia\u00e7\u00e3o da defici\u00eancia, \u00e9 um tema muito rico, e abre trincheiras que at\u00e9 ent\u00e3o eram desconhecidas\u201d, afirmou <a href=\"https:\/\/www.imdb.com\/name\/nm9810742\/\">Paula Tooths<\/a>.<\/p>\n<p>A programa\u00e7\u00e3o conta com apoio dos conselhos municipais e estaduais, bem como aos parceiros que se sensibilizaram com a quest\u00e3o das pessoas com defici\u00eancia, entre eles est\u00e3o a\u00a0COEDE-BA \u2013 Conselho Estadual das Pessoas com Defici\u00eancia da Bahia, COMPED \u2013 Conselho Municipal dos Direitos das Pessoas com Defici\u00eancia de Salvador, COMPED \u2013 Conselho Municipal dos Direitos das Pessoas com Defici\u00eancia de Maranguap\u00e9 \u2013 CE, CEDEF \u2013 Conselho Estadual dos Direitos da Pessoa com Defici\u00eancia do Cear\u00e1, COMPED \u2013 Conselho Municipal da Pessoa com Defici\u00eancia de Niter\u00f3i \u2013 RJ e tem o suporte do MBMC \u2013 Movimento Brasileiro de Mulheres Cegas e Baixa Vis\u00e3o bem como empres\u00e1rios do Arara Shopping, QRCode Brasil e Reis Centro Comercial entre muitos outros.<\/p>\n<p><em>A pr\u00f3xima live do Grupo A Hora j\u00e1 tem data marcada, dia 22 de fevereiro, e abordar\u00e1 a tem\u00e1tica O Transtorno do Espectro do\u00a0Autismo\u00a0(TEA).<\/em><\/p>\n","protected":false},"excerpt":{"rendered":"<p>Na noite do \u00faltimo dia 8, o Grupo A Hora, atrav\u00e9s do Portal do Jornal Na Pauta Online, abriu a primeira de uma s\u00e9rie de lives que ser\u00e3o promovidas no ano de 2021. A tem\u00e1tica foi a abordagem atrav\u00e9s do IFBrM \u2013 \u00cdndice de Funcionalidade Brasileira Modificado usado como instrumento adequado de avalia\u00e7\u00e3o da defici\u00eancia. O jornalista Fabricio Magalh\u00e3es do Grupo A Hora, foi o mediador desta mesa virtual de discuss\u00f5es que teve como debatedores e expositores, convidados especialistas na &hellip; <a class=\"kt-excerpt-readmore\" href=\"https:\/\/paulatooths.com\/index\/2021\/02\/25\/grupo-de-comunicacao-inicia-temporada-de-lives-com-a-tematica-ifbrm\/\" aria-label=\"Grupo de Comunica\u00e7\u00e3o inicia temporada de lives com a tem\u00e1tica IFBrM\">   <\/a><\/p>\n","protected":false},"author":1,"featured_media":5474,"comment_status":"closed","ping_status":"closed","sticky":false,"template":"","format":"standard","meta":{"footnotes":""},"categories":[3214],"tags":[],"class_list":["post-5473","post","type-post","status-publish","format-standard","has-post-thumbnail","hentry","category-artigos"],"_links":{"self":[{"href":"https:\/\/paulatooths.com\/index\/wp-json\/wp\/v2\/posts\/5473","targetHints":{"allow":["GET"]}}],"collection":[{"href":"https:\/\/paulatooths.com\/index\/wp-json\/wp\/v2\/posts"}],"about":[{"href":"https:\/\/paulatooths.com\/index\/wp-json\/wp\/v2\/types\/post"}],"author":[{"embeddable":true,"href":"https:\/\/paulatooths.com\/index\/wp-json\/wp\/v2\/users\/1"}],"replies":[{"embeddable":true,"href":"https:\/\/paulatooths.com\/index\/wp-json\/wp\/v2\/comments?post=5473"}],"version-history":[{"count":1,"href":"https:\/\/paulatooths.com\/index\/wp-json\/wp\/v2\/posts\/5473\/revisions"}],"predecessor-version":[{"id":5475,"href":"https:\/\/paulatooths.com\/index\/wp-json\/wp\/v2\/posts\/5473\/revisions\/5475"}],"wp:featuredmedia":[{"embeddable":true,"href":"https:\/\/paulatooths.com\/index\/wp-json\/wp\/v2\/media\/5474"}],"wp:attachment":[{"href":"https:\/\/paulatooths.com\/index\/wp-json\/wp\/v2\/media?parent=5473"}],"wp:term":[{"taxonomy":"category","embeddable":true,"href":"https:\/\/paulatooths.com\/index\/wp-json\/wp\/v2\/categories?post=5473"},{"taxonomy":"post_tag","embeddable":true,"href":"https:\/\/paulatooths.com\/index\/wp-json\/wp\/v2\/tags?post=5473"}],"curies":[{"name":"wp","href":"https:\/\/api.w.org\/{rel}","templated":true}]}}